{"id":71,"date":"2026-02-20T12:49:17","date_gmt":"2026-02-20T11:49:17","guid":{"rendered":"https:\/\/ops.wladyslawowo.pl\/?p=71"},"modified":"2026-02-20T14:20:51","modified_gmt":"2026-02-20T13:20:51","slug":"nabor-wnioskow-w-ramach-resortowego-programu-ministra-rodziny-pracy-i-polityki-spolecznej-opieka-wytchnieniowa-edycja-2026","status":"publish","type":"post","link":"https:\/\/ops.wladyslawowo.pl\/index.php\/2026\/02\/20\/nabor-wnioskow-w-ramach-resortowego-programu-ministra-rodziny-pracy-i-polityki-spolecznej-opieka-wytchnieniowa-edycja-2026\/","title":{"rendered":"Nab\u00f3r wniosk\u00f3w w ramach resortowego programu Ministra Rodziny, Pracy i Polityki Spo\u0142ecznej   &#8222;Opieka Wytchnieniowa&#8221; dla Jednostek Samorz\u0105du Terytorialnego \u2013 edycja 2026"},"content":{"rendered":"\n<p>O\u015brodek Pomocy Spo\u0142ecznej we W\u0142adys\u0142awowie &nbsp;informuje, i\u017c Gmina W\u0142adys\u0142awowo &nbsp;otrzyma\u0142a dofinansowanie na realizacj\u0119 Programu Ministra Rodziny, Pracy i Polityki Spo\u0142ecznej \u201eOpieka Wytchnieniowa\u201d \u2013 edycja 2026<\/p>\n\n\n\n<p>Us\u0142ugi opieki wytchnieniowej przyznawane b\u0119d\u0105 na podstawie Karty zg\u0142oszenia do Programu \u201eOpieka Wytchnieniowa\u201d dla Jednostek Samorz\u0105du Terytorialnego &#8211; edycja 2026, kt\u00f3rej wz\u00f3r stanowi za\u0142\u0105cznik nr 7 do Programu oraz na podstawie oceny indywidualnej sytuacji osoby z niepe\u0142nosprawno\u015bci\u0105.<\/p>\n\n\n\n<p>Gmina, przyznaj\u0105c us\u0142ugi opieki wytchnieniowej bierze pod uwag\u0119 stan zdrowia i sytuacj\u0119 \u017cyciow\u0105 uczestnik\u00f3w Programu oraz os\u00f3b z niepe\u0142nosprawno\u015bciami.: Gmina w pierwszej kolejno\u015bci uwzgl\u0119dnia potrzeby:<\/p>\n\n\n\n<p>1) cz\u0142onk\u00f3w rodzin lub opiekun\u00f3w sprawuj\u0105cych bezpo\u015bredni\u0105 opiek\u0119 nad osob\u0105<br>z niepe\u0142nosprawno\u015bci\u0105, kt\u00f3ra stale przebywa w domu i nie korzysta np. z o\u015brodka wsparcia, z plac\u00f3wki pobytu ca\u0142odobowego, z warsztatu terapii zaj\u0119ciowej, szko\u0142y i plac\u00f3wki, o kt\u00f3rych mowa w ustawie<br>&nbsp;z dnia 7 wrze\u015bnia 1991 r. o systemie o\u015bwiaty (Dz. U. z 2025 r. poz. 881), nie uczy si\u0119 lub nie studiuje,<\/p>\n\n\n\n<p>2) nieaktywnych zawodowo cz\u0142onk\u00f3w rodzin lub opiekun\u00f3w sprawuj\u0105cych bezpo\u015bredni\u0105 opiek\u0119 nad osob\u0105 z niepe\u0142nosprawno\u015bci\u0105, kt\u00f3rzy maj\u0105 ograniczone mo\u017cliwo\u015bci podejmowania aktywno\u015bci zawodowej ze wzgl\u0119du na konieczno\u015b\u0107 opiekowania si\u0119 osob\u0105 z niepe\u0142nosprawno\u015bci\u0105.<\/p>\n\n\n\n<p>Szczeg\u00f3\u0142owe informacje o Programie mo\u017cna znale\u017a\u0107 na stronie Pe\u0142nomocnika Rz\u0105du do Spraw Os\u00f3b Niepe\u0142nosprawnych: <a href=\"https:\/\/niepelnosprawni.gov.pl\/program-fs\/nabor-wnioskow-w-ramach-resortowego-programu-ministra-rodziny-pracy-i-polityki-spolecznej-opieka-wytchnieniowa-dla-jednostek-samorzadu-terytorialnego-edycja-2026\/\" data-type=\"post\" data-id=\"71\">https:\/\/niepelnosprawni.gov.pl\/program-fs\/nabor-wnioskow-w-ramach-resortowego-programu-ministra-rodziny-pracy-i-polityki-spolecznej-opieka-wytchnieniowa-dla-jednostek-samorzadu-terytorialnego-edycja-2026<\/a><br>lub w O\u015brodku Pomocy Spo\u0142ecznej we W\u0142adys\u0142awowie, ul. gen. J Hallera 19, 84-120<\/p>\n\n\n\n<p>Koordynator : Marta Andelbrat<br>tel.510-639-881, &nbsp;58&nbsp;674 54 18<br>email: <a href=\"mailto:m.andelbrat@ops.wladyslawowo.pl\">m.andelbrat@ops.wladyslawowo.pl<\/a><\/p>\n\n\n\n<p><strong>Godziny otwarcia:<\/strong><br>poniedzia\u0142ek- pi\u0105tek od 7:30.00 do 15.30<br>Zg\u0142oszenia os\u00f3b zainteresowanych udzia\u0142em w Programie, na za\u0142\u0105czonym formularzu, &nbsp;przyjmowane s\u0105 osobi\u015bcie w O\u015brodku Pomocy Spo\u0142ecznej we W\u0142adys\u0142awowie, ul. Gen. J. Hallera 19 w godzinach pracy O\u015brodka, elektronicznie &nbsp;adres do e-dor\u0119cze\u0144 AE:PL-59803-73476-BTEAB-26 lub za po\u015brednictwem poczty od dnia og\u0142oszenia naboru tj. <strong>20.02.2026<\/strong> r. do <strong>28.02.2026<\/strong> r. Kolejno\u015b\u0107 zg\u0142osze\u0144 nie ma wp\u0142ywu na wynik naboru uczestnik\u00f3w do Programu.<\/p>\n\n\n\n<p>Druki dost\u0119pne s\u0105 te\u017c w siedzibie O\u015brodka Pomocy Spo\u0142ecznej we W\u0142adys\u0142awowie.<\/p>\n\n\n\n<div class=\"wp-block-file\" style=\"border-top-left-radius:0px;border-top-right-radius:0px;border-bottom-left-radius:0px;border-bottom-right-radius:0px\"><a id=\"wp-block-file--media-40f6b1be-8fe1-4343-82d7-6e3204e0a1cb\" href=\"https:\/\/ops.wladyslawowo.pl\/wp-content\/uploads\/2026\/02\/Zalacznik-nr-7-do-Programu-OW-JST-2026_karta-zgloszenia.pdf\">Zalacznik-nr-7-do-Programu-OW-JST-2026_karta-zgloszenia<\/a><a href=\"https:\/\/ops.wladyslawowo.pl\/wp-content\/uploads\/2026\/02\/Zalacznik-nr-7-do-Programu-OW-JST-2026_karta-zgloszenia.pdf\" class=\"wp-block-file__button wp-element-button\" download aria-describedby=\"wp-block-file--media-40f6b1be-8fe1-4343-82d7-6e3204e0a1cb\">Pobierz<\/a><\/div>\n\n\n\n<div class=\"wp-block-file\"><a id=\"wp-block-file--media-09a2797c-8d0a-498e-b7cd-58ca9424dc1e\" href=\"https:\/\/ops.wladyslawowo.pl\/wp-content\/uploads\/2026\/02\/PROGRAM-OW-JST-EDYCJA-2026-1.pdf\">PROGRAM-OW-JST-EDYCJA-2026 (1)<\/a><a href=\"https:\/\/ops.wladyslawowo.pl\/wp-content\/uploads\/2026\/02\/PROGRAM-OW-JST-EDYCJA-2026-1.pdf\" class=\"wp-block-file__button wp-element-button\" download aria-describedby=\"wp-block-file--media-09a2797c-8d0a-498e-b7cd-58ca9424dc1e\">Pobierz<\/a><\/div>\n\n\n\n<div class=\"wp-block-file\"><a id=\"wp-block-file--media-b0a426ba-5eb8-40e1-8c1f-7576c6e91ede\" href=\"https:\/\/ops.wladyslawowo.pl\/wp-content\/uploads\/2026\/02\/Klauzula-informacyjna-RODO.pdf\">Klauzula informacyjna RODO<\/a><a href=\"https:\/\/ops.wladyslawowo.pl\/wp-content\/uploads\/2026\/02\/Klauzula-informacyjna-RODO.pdf\" class=\"wp-block-file__button wp-element-button\" download aria-describedby=\"wp-block-file--media-b0a426ba-5eb8-40e1-8c1f-7576c6e91ede\">Pobierz<\/a><\/div>\n","protected":false},"excerpt":{"rendered":"<p>O\u015brodek Pomocy Spo\u0142ecznej we W\u0142adys\u0142awowie &nbsp;informuje, i\u017c Gmina W\u0142adys\u0142awowo &nbsp;otrzyma\u0142a dofinansowanie na realizacj\u0119 Programu Ministra Rodziny, Pracy i Polityki Spo\u0142ecznej [&hellip;]<\/p>\n","protected":false},"author":3,"featured_media":75,"comment_status":"open","ping_status":"open","sticky":false,"template":"","format":"standard","meta":{"site-sidebar-layout":"default","site-content-layout":"","ast-site-content-layout":"default","site-content-style":"default","site-sidebar-style":"default","ast-global-header-display":"","ast-banner-title-visibility":"","ast-main-header-display":"","ast-hfb-above-header-display":"","ast-hfb-below-header-display":"","ast-hfb-mobile-header-display":"","site-post-title":"","ast-breadcrumbs-content":"","ast-featured-img":"","footer-sml-layout":"","ast-disable-related-posts":"","theme-transparent-header-meta":"","adv-header-id-meta":"","stick-header-meta":"","header-above-stick-meta":"","header-main-stick-meta":"","header-below-stick-meta":"","astra-migrate-meta-layouts":"default","ast-page-background-enabled":"default","ast-page-background-meta":{"desktop":{"background-color":"var(--ast-global-color-5)","background-image":"","background-repeat":"repeat","background-position":"center center","background-size":"auto","background-attachment":"scroll","background-type":"","background-media":"","overlay-type":"","overlay-color":"","overlay-opacity":"","overlay-gradient":""},"tablet":{"background-color":"","background-image":"","background-repeat":"repeat","background-position":"center center","background-size":"auto","background-attachment":"scroll","background-type":"","background-media":"","overlay-type":"","overlay-color":"","overlay-opacity":"","overlay-gradient":""},"mobile":{"background-color":"","background-image":"","background-repeat":"repeat","background-position":"center center","background-size":"auto","background-attachment":"scroll","background-type":"","background-media":"","overlay-type":"","overlay-color":"","overlay-opacity":"","overlay-gradient":""}},"ast-content-background-meta":{"desktop":{"background-color":"var(--ast-global-color-4)","background-image":"","background-repeat":"repeat","background-position":"center center","background-size":"auto","background-attachment":"scroll","background-type":"","background-media":"","overlay-type":"","overlay-color":"","overlay-opacity":"","overlay-gradient":""},"tablet":{"background-color":"var(--ast-global-color-4)","background-image":"","background-repeat":"repeat","background-position":"center center","background-size":"auto","background-attachment":"scroll","background-type":"","background-media":"","overlay-type":"","overlay-color":"","overlay-opacity":"","overlay-gradient":""},"mobile":{"background-color":"var(--ast-global-color-4)","background-image":"","background-repeat":"repeat","background-position":"center center","background-size":"auto","background-attachment":"scroll","background-type":"","background-media":"","overlay-type":"","overlay-color":"","overlay-opacity":"","overlay-gradient":""}},"footnotes":""},"categories":[3],"tags":[],"class_list":["post-71","post","type-post","status-publish","format-standard","has-post-thumbnail","hentry","category-informacyjne"],"_links":{"self":[{"href":"https:\/\/ops.wladyslawowo.pl\/index.php\/wp-json\/wp\/v2\/posts\/71","targetHints":{"allow":["GET"]}}],"collection":[{"href":"https:\/\/ops.wladyslawowo.pl\/index.php\/wp-json\/wp\/v2\/posts"}],"about":[{"href":"https:\/\/ops.wladyslawowo.pl\/index.php\/wp-json\/wp\/v2\/types\/post"}],"author":[{"embeddable":true,"href":"https:\/\/ops.wladyslawowo.pl\/index.php\/wp-json\/wp\/v2\/users\/3"}],"replies":[{"embeddable":true,"href":"https:\/\/ops.wladyslawowo.pl\/index.php\/wp-json\/wp\/v2\/comments?post=71"}],"version-history":[{"count":13,"href":"https:\/\/ops.wladyslawowo.pl\/index.php\/wp-json\/wp\/v2\/posts\/71\/revisions"}],"predecessor-version":[{"id":109,"href":"https:\/\/ops.wladyslawowo.pl\/index.php\/wp-json\/wp\/v2\/posts\/71\/revisions\/109"}],"wp:featuredmedia":[{"embeddable":true,"href":"https:\/\/ops.wladyslawowo.pl\/index.php\/wp-json\/wp\/v2\/media\/75"}],"wp:attachment":[{"href":"https:\/\/ops.wladyslawowo.pl\/index.php\/wp-json\/wp\/v2\/media?parent=71"}],"wp:term":[{"taxonomy":"category","embeddable":true,"href":"https:\/\/ops.wladyslawowo.pl\/index.php\/wp-json\/wp\/v2\/categories?post=71"},{"taxonomy":"post_tag","embeddable":true,"href":"https:\/\/ops.wladyslawowo.pl\/index.php\/wp-json\/wp\/v2\/tags?post=71"}],"curies":[{"name":"wp","href":"https:\/\/api.w.org\/{rel}","templated":true}]}}